{"id":6375,"date":"2025-08-14T14:44:33","date_gmt":"2025-08-14T11:44:33","guid":{"rendered":"https:\/\/vecakuorganizacija.lv\/news\/teva-dienas-vesture\/"},"modified":"2025-08-27T23:28:33","modified_gmt":"2025-08-27T20:28:33","slug":"history-of-fathers-days","status":"publish","type":"post","link":"https:\/\/vecakuorganizacija.lv\/en\/fathers-day-articles\/history-of-fathers-days\/","title":{"rendered":"History of Father&#8217;s Day"},"content":{"rendered":"\n<p>Father&#8217;s Day in Latvia is more than a holiday \u2013 it is an opportunity for society to express respect and gratitude to fathers for their presence, responsibility and love. Although this tradition is relatively new in our culture, its roots are deep \u2013 they grow from the desire to strengthen family ties and honor the important role of the father in the life of a child.<\/p>\n\n\n\n<p>Let&#8217;s look at the history of Father&#8217;s Day in the world and in Latvia, studying how a tradition is born from an idea \u2013 and how each of us, with our own participation, can give it meaning. We, the &#8220;Parents&#8217; Organization for Moms and Dads&#8221;, can proudly say that we have stood at the &#8220;cradle&#8221; of the emergence of Father&#8217;s Day in Latvia, turning it from an entry in the law into a lively, heartfelt and anticipated public event.<\/p>\n\n\n\n<h2 class=\"wp-block-heading\">Father&#8217;s Day in the USA<\/h2>\n\n\n\n<p>Unlike many holidays that have a single, clear source, the idea for Father\u2019s Day in the United States arose from two independent but similarly motivated events that marked a long road to national recognition. The first documented ceremony honoring fathers took place on July 5, 1908, in Fairmont, West Virginia. The previous December, the Monongahena Mine explosion had killed 361 men, 250 of whom were fathers, leaving about a thousand children without breadwinners. Grace Golden Clayton, who was grieving the loss of her own father, suggested that a local pastor hold a one-time memorial service to honor these men.<\/p>\n\n\n\n<p>The idea that eventually spread nationwide originated a year later in Spokane, Washington. Sonora Smart Dodd, while listening to a Mother\u2019s Day sermon in 1909, felt that fathers deserved similar recognition. Her motivation was deeply personal\u2014her father, Civil War veteran William Jackson Smart, was a widower who raised Sonora and her five siblings alone. With the help of local churches, store owners, and government officials, she managed to garner support for her idea, and on June 19, 1910\u2014her father\u2019s birth month\u2014the first official Father\u2019s Day was celebrated in Washington state.<\/p>\n\n\n\n<h2 class=\"wp-block-heading\">The long road to national recognition<\/h2>\n\n\n\n<p>Although Dodd&#8217;s initiative was well received, it took more than 60 years for Father&#8217;s Day to become an official national holiday. The first bill was introduced in Congress in 1913. President Woodrow Wilson supported the celebration in Spokane in 1916, but Congress resisted, fearing commercialization. President Calvin Coolidge recommended that states celebrate the day in 1924, but did not declare it national.<\/p>\n\n\n\n<p>There were two main reasons for this: first, the aforementioned fear of commercialization, and second, the perception that such sentimental holidays were &#8220;unmanly&#8221; and merely mimicked Mother&#8217;s Day. This suggests that in society at the time, the role of the mother as a caring and nurturing person was considered worthy of public celebration, while the role of the father as a provider and disciplinarian was not.<\/p>\n\n\n\n<p>Paradoxically, it was commercial interests that helped the holiday spread. During the Great Depression, Sonora Doda renewed her campaign, this time with the support of manufacturers of goods that benefited from such a holiday, such as tie and pipe manufacturers. While this helped to boost its popularity, it also drew skepticism from some members of the public, who viewed the holiday as a marketing ploy.<\/p>\n\n\n\n<p>Things began to change after World War II, when the holiday was redefined as a way to honor veterans and men who had fought for their country. Finally, in 1966, President Lyndon Johnson issued the first presidential proclamation declaring the third Sunday in June as Father&#8217;s Day. However, it was not until 1972 that President Richard Nixon signed the law making Father&#8217;s Day a permanent national holiday.<\/p>\n\n\n\n<p>Although the modern form of Father&#8217;s Day was &#8220;invented&#8221; in America, the idea of \u200b\u200bhonoring fathers has much older roots, stretching back centuries and deeply rooted in religious traditions. These ancient roots help explain why the holiday is celebrated on such different dates and in such different ways around the world.<\/p>\n\n\n\n<h2 class=\"wp-block-heading\">Catholic European Tradition: Saint Joseph&#8217;s Day<\/h2>\n\n\n\n<p>In Catholic Europe, fatherhood has been celebrated since the Middle Ages, celebrated on March 19, St. Joseph&#8217;s Day. St. Joseph, the foster father of Jesus Christ, is the archetype of the ideal father and husband in the Catholic tradition. This tradition, which began as early as the 14th or 15th century, apparently at the initiative of the Franciscans, was actively supported by the church. Spanish and Portuguese colonists later took this tradition to the Americas.<\/p>\n\n\n\n<h2 class=\"wp-block-heading\">Echoes of the past<\/h2>\n\n\n\n<p>There is evidence of even older forms of father-honoring. Archaeologists have found a nearly 4,000-year-old Babylonian clay tablet on which a son named Elmesu wishes his father health and long life\u2014essentially an ancient greeting card. The Coptic Orthodox Church also celebrates fatherhood on Saint Joseph\u2019s Day, but on July 20, a tradition that may have begun as early as the fifth century.<\/p>\n\n\n\n<p>The American holiday arose from the initiative of specific activists, while the European tradition \u201cevolved\u201d organically from centuries-old religious customs that have no single founder or starting date. This distinction between secular, activist-created and religious, traditional origins largely explains the diversity we see today. Countries with strong Catholic roots, such as Spain, Italy, and Portugal, were able to easily adapt the modern idea of \u200b\u200bFather\u2019s Day to their already existing March 19 celebrations. In turn, countries without such a tradition either imported the American model with the entire date or adapted it to some other local custom, as happened in Germany.<\/p>\n\n\n\n<h2 class=\"wp-block-heading\">Germany &#8211; from <em>Vatertag<\/em> to <em>M\u00e4nnertag<\/em><\/h2>\n\n\n\n<p>In Germany, Father&#8217;s Day (<em>Vatertag<\/em>) is celebrated on Ascension Day, a public holiday 40 days after Easter. The connection is symbolic, but the modern tradition is far from religious. The day is more commonly known as <em>M\u00e4nnertag <\/em>(Men&#8217;s Day) or <em>Herrentag <\/em>(Gentlemen&#8217;s Day). It is a day when groups of men (not just fathers) go on hikes or bike rides, pulling small handcarts filled with beer and snacks. It is a loud and cheerful celebration of male friendship, often unrelated to family and sometimes leading to a high number of alcohol-related accidents. The tradition has evolved from medieval Ascension Day processions, where the father with the most children received a ham as a prize, to 19th-century &#8220;gentlemen&#8217;s parties&#8221; and nature hikes.<\/p>\n\n\n\n<h2 class=\"wp-block-heading\">Spain \u2013 religious integration<\/h2>\n\n\n\n<p>Spain, like other Catholic countries, celebrates Father&#8217;s Day on March 19, Saint Joseph&#8217;s Day, which is an official holiday in some regions. The celebration is closely linked to religion and family. Traditions include attending church services, festive family meals, and gifts or self-composed poems by children for fathers. The father is honored here as the archetype of the head of the Holy Family. Although the date is ancient, the modern commercial and sentimental aspects, such as gift-buying, were adopted from the American model in the mid-20th century, but were organically integrated into the already existing religious framework.<\/p>\n\n\n\n<h2 class=\"wp-block-heading\">Australia \u2013 A Spring and Family Celebration<\/h2>\n\n\n\n<p>Australia and New Zealand celebrate Father\u2019s Day on the first Sunday in September. This date was likely chosen for practical reasons \u2013 it marks the start of spring and fills the commercial calendar between Mother\u2019s Day in May and Christmas. Initially, the holiday was greeted with skepticism and cynicism in Australia, seeing it as an unnecessary American import and a threat to traditional masculinity. However, today the celebration is very popular and closely associated with the pleasant spring weather. It is characterized by outdoor activities \u2013 family barbecues, picnics in parks and sports games. Although gift-giving is common, research shows that spending on this holiday is significantly lower than on Mother\u2019s Day, emphasizing that the main thing is time spent together, not gifts.<\/p>\n\n\n\n<h2 class=\"wp-block-heading\">Father&#8217;s Day in Latvia \u2013 the birth of a new tradition<\/h2>\n\n\n\n<p>In Latvia, Father&#8217;s Day is a relatively new phenomenon that offers a unique opportunity to observe how a cultural tradition is being created from scratch in today&#8217;s globalized world.<\/p>\n\n\n\n<h2 class=\"wp-block-heading\">Official recognition of Father&#8217;s Day in Latvia<\/h2>\n\n\n\n<p>In Latvia, Father&#8217;s Day was officially included as a day to be celebrated in 2010 in the law &#8220;On holidays, remembrance and days to be celebrated&#8221; \u2013 it is celebrated on the second Sunday of September. Although the day was established by law, it became a real tradition, largely thanks to the Parents&#8217; Organization for Moms and Dads. Since the inclusion of Father&#8217;s Day in the calendar of celebrated days, the organization began to organize extensive activities, creating an idea in society about why it is important to celebrate not only Mother&#8217;s Day, but also Father&#8217;s Day, as well as providing ideas on how to establish this day as an annual family tradition.<\/p>\n\n\n\n<h2 class=\"wp-block-heading\">Creating and popularizing a tradition<\/h2>\n\n\n\n<p>The Parents&#8217; Organization for Moms and Dads organized the first Father&#8217;s Day parade and festival in Riga on the second Sunday of September 2013 (September 7). The parade took place along Br\u012bv\u012bbas Street, closing traffic. The head of the organization, Inga Akmenti\u0146a-Smildzi\u0146a, pointed out at the time that they had cherished this idea for several years and now it has gradually turned into an annual tradition &#8211; the parade and festival are still taking place in V\u0113rmanes Garden, the central slogan of the parade is: &#8220;Proud to be a father!&#8221;.<\/p>\n\n\n\n<h2 class=\"wp-block-heading\">Timeline<\/h2>\n\n\n\n<ul class=\"wp-block-list\">\n<li>2010 \u2013 Father\u2019s Day is legally established as a day to be celebrated \u2013 on the second Sunday of September<\/li>\n\n\n\n<li>2013 \u2013 the first Father\u2019s Day parade and festival in Riga starts, initiated by the \u201cParents\u2019 Organization for Moms and Dads\u201d<\/li>\n\n\n\n<li>2024 \u2013 the eleventh parade and festival gathers over 12,000 visitors<\/li>\n<\/ul>\n","protected":false},"excerpt":{"rendered":"<p>How did Father&#8217;s Day become a tradition in Latvia? Explore the history and meaning of the holiday, and learn about its promoters.<\/p>\n","protected":false},"author":1,"featured_media":3817,"comment_status":"closed","ping_status":"closed","sticky":false,"template":"","format":"standard","meta":{"_acf_changed":false,"footnotes":""},"categories":[21],"class_list":["post-6375","post","type-post","status-publish","format-standard","has-post-thumbnail","hentry","category-fathers-day-articles"],"acf":[],"yoast_head":"<!-- This site is optimized with the Yoast SEO plugin v25.8 - https:\/\/yoast.com\/wordpress\/plugins\/seo\/ -->\n<title>History of Father&#039;s Day - Vec\u0101ku Organiz\u0101cija<\/title>\n<meta name=\"description\" content=\"How did Father&#039;s Day become a tradition in Latvia? Explore the history and meaning of the holiday, and learn about its promoters.\" \/>\n<meta name=\"robots\" content=\"index, follow, max-snippet:-1, max-image-preview:large, max-video-preview:-1\" \/>\n<link rel=\"canonical\" href=\"https:\/\/vecakuorganizacija.lv\/en\/fathers-day-articles\/history-of-fathers-days\/\" \/>\n<meta property=\"og:locale\" content=\"en_US\" \/>\n<meta property=\"og:type\" content=\"article\" \/>\n<meta property=\"og:title\" content=\"History of Father&#039;s Day - Vec\u0101ku Organiz\u0101cija\" \/>\n<meta property=\"og:description\" content=\"How did Father&#039;s Day become a tradition in Latvia? Explore the history and meaning of the holiday, and learn about its promoters.\" \/>\n<meta property=\"og:url\" content=\"https:\/\/vecakuorganizacija.lv\/en\/fathers-day-articles\/history-of-fathers-days\/\" \/>\n<meta property=\"og:site_name\" content=\"Vec\u0101ku Organiz\u0101cija\" \/>\n<meta property=\"article:publisher\" content=\"https:\/\/www.facebook.com\/vecakuorganizacija\/\" \/>\n<meta property=\"article:published_time\" content=\"2025-08-14T11:44:33+00:00\" \/>\n<meta property=\"article:modified_time\" content=\"2025-08-27T20:28:33+00:00\" \/>\n<meta property=\"og:image\" content=\"https:\/\/vecakuorganizacija.lv\/wp-content\/uploads\/2025\/08\/teva-diena-foto.webp\" \/>\n\t<meta property=\"og:image:width\" content=\"2160\" \/>\n\t<meta property=\"og:image:height\" content=\"1215\" \/>\n\t<meta property=\"og:image:type\" content=\"image\/webp\" \/>\n<meta name=\"author\" content=\"toms@presence.lv\" \/>\n<meta name=\"twitter:card\" content=\"summary_large_image\" \/>\n<meta name=\"twitter:label1\" content=\"Written by\" \/>\n\t<meta name=\"twitter:data1\" content=\"toms@presence.lv\" \/>\n\t<meta name=\"twitter:label2\" content=\"Est. reading time\" \/>\n\t<meta name=\"twitter:data2\" content=\"8 minutes\" \/>\n<script type=\"application\/ld+json\" class=\"yoast-schema-graph\">{\"@context\":\"https:\/\/schema.org\",\"@graph\":[{\"@type\":\"WebPage\",\"@id\":\"https:\/\/vecakuorganizacija.lv\/en\/fathers-day-articles\/history-of-fathers-days\/\",\"url\":\"https:\/\/vecakuorganizacija.lv\/en\/fathers-day-articles\/history-of-fathers-days\/\",\"name\":\"History of Father's Day - Vec\u0101ku Organiz\u0101cija\",\"isPartOf\":{\"@id\":\"https:\/\/vecakuorganizacija.lv\/en\/#website\"},\"primaryImageOfPage\":{\"@id\":\"https:\/\/vecakuorganizacija.lv\/en\/fathers-day-articles\/history-of-fathers-days\/#primaryimage\"},\"image\":{\"@id\":\"https:\/\/vecakuorganizacija.lv\/en\/fathers-day-articles\/history-of-fathers-days\/#primaryimage\"},\"thumbnailUrl\":\"https:\/\/vecakuorganizacija.lv\/wp-content\/uploads\/2025\/08\/teva-diena-foto.webp\",\"datePublished\":\"2025-08-14T11:44:33+00:00\",\"dateModified\":\"2025-08-27T20:28:33+00:00\",\"description\":\"How did Father's Day become a tradition in Latvia? Explore the history and meaning of the holiday, and learn about its promoters.\",\"breadcrumb\":{\"@id\":\"https:\/\/vecakuorganizacija.lv\/en\/fathers-day-articles\/history-of-fathers-days\/#breadcrumb\"},\"inLanguage\":\"en-US\",\"potentialAction\":[{\"@type\":\"ReadAction\",\"target\":[\"https:\/\/vecakuorganizacija.lv\/en\/fathers-day-articles\/history-of-fathers-days\/\"]}]},{\"@type\":\"ImageObject\",\"inLanguage\":\"en-US\",\"@id\":\"https:\/\/vecakuorganizacija.lv\/en\/fathers-day-articles\/history-of-fathers-days\/#primaryimage\",\"url\":\"https:\/\/vecakuorganizacija.lv\/wp-content\/uploads\/2025\/08\/teva-diena-foto.webp\",\"contentUrl\":\"https:\/\/vecakuorganizacija.lv\/wp-content\/uploads\/2025\/08\/teva-diena-foto.webp\",\"width\":2160,\"height\":1215},{\"@type\":\"BreadcrumbList\",\"@id\":\"https:\/\/vecakuorganizacija.lv\/en\/fathers-day-articles\/history-of-fathers-days\/#breadcrumb\",\"itemListElement\":[{\"@type\":\"ListItem\",\"position\":1,\"name\":\"Home\",\"item\":\"https:\/\/vecakuorganizacija.lv\/en\/\"},{\"@type\":\"ListItem\",\"position\":2,\"name\":\"History of Father&#8217;s Day\"}]},{\"@type\":\"WebSite\",\"@id\":\"https:\/\/vecakuorganizacija.lv\/en\/#website\",\"url\":\"https:\/\/vecakuorganizacija.lv\/en\/\",\"name\":\"Vec\u0101ku Organiz\u0101cija | Mamm\u0101m un T\u0113tiem\",\"description\":\"\",\"publisher\":{\"@id\":\"https:\/\/vecakuorganizacija.lv\/en\/#organization\"},\"potentialAction\":[{\"@type\":\"SearchAction\",\"target\":{\"@type\":\"EntryPoint\",\"urlTemplate\":\"https:\/\/vecakuorganizacija.lv\/en\/?s={search_term_string}\"},\"query-input\":{\"@type\":\"PropertyValueSpecification\",\"valueRequired\":true,\"valueName\":\"search_term_string\"}}],\"inLanguage\":\"en-US\"},{\"@type\":\"Organization\",\"@id\":\"https:\/\/vecakuorganizacija.lv\/en\/#organization\",\"name\":\"Vec\u0101ku Organiz\u0101cija | Mamm\u0101m un T\u0113tiem\",\"url\":\"https:\/\/vecakuorganizacija.lv\/en\/\",\"logo\":{\"@type\":\"ImageObject\",\"inLanguage\":\"en-US\",\"@id\":\"https:\/\/vecakuorganizacija.lv\/en\/#\/schema\/logo\/image\/\",\"url\":\"https:\/\/vecakuorganizacija.lv\/wp-content\/uploads\/2025\/08\/logo-dark.svg\",\"contentUrl\":\"https:\/\/vecakuorganizacija.lv\/wp-content\/uploads\/2025\/08\/logo-dark.svg\",\"width\":1,\"height\":1,\"caption\":\"Vec\u0101ku Organiz\u0101cija | Mamm\u0101m un T\u0113tiem\"},\"image\":{\"@id\":\"https:\/\/vecakuorganizacija.lv\/en\/#\/schema\/logo\/image\/\"},\"sameAs\":[\"https:\/\/www.facebook.com\/vecakuorganizacija\/\",\"https:\/\/www.instagram.com\/vecakuorganizacija\/\",\"https:\/\/www.youtube.com\/channel\/UC5LFDZ9DsWtyfQ4X0qJFJ4Q\",\"https:\/\/www.draugiem.lv\/vecakuorganizacija\/\"]}]}<\/script>\n<!-- \/ Yoast SEO plugin. -->","yoast_head_json":{"title":"History of Father's Day - Vec\u0101ku Organiz\u0101cija","description":"How did Father's Day become a tradition in Latvia? Explore the history and meaning of the holiday, and learn about its promoters.","robots":{"index":"index","follow":"follow","max-snippet":"max-snippet:-1","max-image-preview":"max-image-preview:large","max-video-preview":"max-video-preview:-1"},"canonical":"https:\/\/vecakuorganizacija.lv\/en\/fathers-day-articles\/history-of-fathers-days\/","og_locale":"en_US","og_type":"article","og_title":"History of Father's Day - Vec\u0101ku Organiz\u0101cija","og_description":"How did Father's Day become a tradition in Latvia? Explore the history and meaning of the holiday, and learn about its promoters.","og_url":"https:\/\/vecakuorganizacija.lv\/en\/fathers-day-articles\/history-of-fathers-days\/","og_site_name":"Vec\u0101ku Organiz\u0101cija","article_publisher":"https:\/\/www.facebook.com\/vecakuorganizacija\/","article_published_time":"2025-08-14T11:44:33+00:00","article_modified_time":"2025-08-27T20:28:33+00:00","og_image":[{"width":2160,"height":1215,"url":"https:\/\/vecakuorganizacija.lv\/wp-content\/uploads\/2025\/08\/teva-diena-foto.webp","type":"image\/webp"}],"author":"toms@presence.lv","twitter_card":"summary_large_image","twitter_misc":{"Written by":"toms@presence.lv","Est. reading time":"8 minutes"},"schema":{"@context":"https:\/\/schema.org","@graph":[{"@type":"WebPage","@id":"https:\/\/vecakuorganizacija.lv\/en\/fathers-day-articles\/history-of-fathers-days\/","url":"https:\/\/vecakuorganizacija.lv\/en\/fathers-day-articles\/history-of-fathers-days\/","name":"History of Father's Day - Vec\u0101ku Organiz\u0101cija","isPartOf":{"@id":"https:\/\/vecakuorganizacija.lv\/en\/#website"},"primaryImageOfPage":{"@id":"https:\/\/vecakuorganizacija.lv\/en\/fathers-day-articles\/history-of-fathers-days\/#primaryimage"},"image":{"@id":"https:\/\/vecakuorganizacija.lv\/en\/fathers-day-articles\/history-of-fathers-days\/#primaryimage"},"thumbnailUrl":"https:\/\/vecakuorganizacija.lv\/wp-content\/uploads\/2025\/08\/teva-diena-foto.webp","datePublished":"2025-08-14T11:44:33+00:00","dateModified":"2025-08-27T20:28:33+00:00","description":"How did Father's Day become a tradition in Latvia? Explore the history and meaning of the holiday, and learn about its promoters.","breadcrumb":{"@id":"https:\/\/vecakuorganizacija.lv\/en\/fathers-day-articles\/history-of-fathers-days\/#breadcrumb"},"inLanguage":"en-US","potentialAction":[{"@type":"ReadAction","target":["https:\/\/vecakuorganizacija.lv\/en\/fathers-day-articles\/history-of-fathers-days\/"]}]},{"@type":"ImageObject","inLanguage":"en-US","@id":"https:\/\/vecakuorganizacija.lv\/en\/fathers-day-articles\/history-of-fathers-days\/#primaryimage","url":"https:\/\/vecakuorganizacija.lv\/wp-content\/uploads\/2025\/08\/teva-diena-foto.webp","contentUrl":"https:\/\/vecakuorganizacija.lv\/wp-content\/uploads\/2025\/08\/teva-diena-foto.webp","width":2160,"height":1215},{"@type":"BreadcrumbList","@id":"https:\/\/vecakuorganizacija.lv\/en\/fathers-day-articles\/history-of-fathers-days\/#breadcrumb","itemListElement":[{"@type":"ListItem","position":1,"name":"Home","item":"https:\/\/vecakuorganizacija.lv\/en\/"},{"@type":"ListItem","position":2,"name":"History of Father&#8217;s Day"}]},{"@type":"WebSite","@id":"https:\/\/vecakuorganizacija.lv\/en\/#website","url":"https:\/\/vecakuorganizacija.lv\/en\/","name":"Vec\u0101ku Organiz\u0101cija | Mamm\u0101m un T\u0113tiem","description":"","publisher":{"@id":"https:\/\/vecakuorganizacija.lv\/en\/#organization"},"potentialAction":[{"@type":"SearchAction","target":{"@type":"EntryPoint","urlTemplate":"https:\/\/vecakuorganizacija.lv\/en\/?s={search_term_string}"},"query-input":{"@type":"PropertyValueSpecification","valueRequired":true,"valueName":"search_term_string"}}],"inLanguage":"en-US"},{"@type":"Organization","@id":"https:\/\/vecakuorganizacija.lv\/en\/#organization","name":"Vec\u0101ku Organiz\u0101cija | Mamm\u0101m un T\u0113tiem","url":"https:\/\/vecakuorganizacija.lv\/en\/","logo":{"@type":"ImageObject","inLanguage":"en-US","@id":"https:\/\/vecakuorganizacija.lv\/en\/#\/schema\/logo\/image\/","url":"https:\/\/vecakuorganizacija.lv\/wp-content\/uploads\/2025\/08\/logo-dark.svg","contentUrl":"https:\/\/vecakuorganizacija.lv\/wp-content\/uploads\/2025\/08\/logo-dark.svg","width":1,"height":1,"caption":"Vec\u0101ku Organiz\u0101cija | Mamm\u0101m un T\u0113tiem"},"image":{"@id":"https:\/\/vecakuorganizacija.lv\/en\/#\/schema\/logo\/image\/"},"sameAs":["https:\/\/www.facebook.com\/vecakuorganizacija\/","https:\/\/www.instagram.com\/vecakuorganizacija\/","https:\/\/www.youtube.com\/channel\/UC5LFDZ9DsWtyfQ4X0qJFJ4Q","https:\/\/www.draugiem.lv\/vecakuorganizacija\/"]}]}},"_links":{"self":[{"href":"https:\/\/vecakuorganizacija.lv\/en\/wp-json\/wp\/v2\/posts\/6375","targetHints":{"allow":["GET"]}}],"collection":[{"href":"https:\/\/vecakuorganizacija.lv\/en\/wp-json\/wp\/v2\/posts"}],"about":[{"href":"https:\/\/vecakuorganizacija.lv\/en\/wp-json\/wp\/v2\/types\/post"}],"author":[{"embeddable":true,"href":"https:\/\/vecakuorganizacija.lv\/en\/wp-json\/wp\/v2\/users\/1"}],"replies":[{"embeddable":true,"href":"https:\/\/vecakuorganizacija.lv\/en\/wp-json\/wp\/v2\/comments?post=6375"}],"version-history":[{"count":2,"href":"https:\/\/vecakuorganizacija.lv\/en\/wp-json\/wp\/v2\/posts\/6375\/revisions"}],"predecessor-version":[{"id":6379,"href":"https:\/\/vecakuorganizacija.lv\/en\/wp-json\/wp\/v2\/posts\/6375\/revisions\/6379"}],"wp:featuredmedia":[{"embeddable":true,"href":"https:\/\/vecakuorganizacija.lv\/en\/wp-json\/wp\/v2\/media\/3817"}],"wp:attachment":[{"href":"https:\/\/vecakuorganizacija.lv\/en\/wp-json\/wp\/v2\/media?parent=6375"}],"wp:term":[{"taxonomy":"category","embeddable":true,"href":"https:\/\/vecakuorganizacija.lv\/en\/wp-json\/wp\/v2\/categories?post=6375"}],"curies":[{"name":"wp","href":"https:\/\/api.w.org\/{rel}","templated":true}]}}